{"id":3228,"date":"2019-07-15T20:35:44","date_gmt":"2019-07-15T18:35:44","guid":{"rendered":"https:\/\/artside.sk\/?p=3228"},"modified":"2020-09-22T20:29:39","modified_gmt":"2020-09-22T18:29:39","slug":"at-zije-vceli-kralovna","status":"publish","type":"post","link":"https:\/\/test.artside.sk\/cs\/at-zije-vceli-kralovna\/","title":{"rendered":"A\u0165 \u017eije v\u010del\u00ed kr\u00e1lovna!"},"content":{"rendered":"\n<p class=\"has-text-align-center\">\u25ba <a href=\"https:\/\/artside.cz\/produkt\/panske-tricko-vceli-kralovna-native\/\">p\u00e1nske tri\u010dko<\/a> \u25ba <a href=\"https:\/\/artside.cz\/produkt\/damske-tricko-vceli-kralovna-native\/\">d\u00e1mske tri\u010dko<\/a><\/p>\n\n\n\n<p> &#8222;P\u011bt let po smrti posledn\u00ed v\u010dely zahyne i na\u0161e planeta&#8220;. Asi zn\u00e1te tuto zn\u00e1mou v\u011btu Alberta Einsteina. Na soci\u00e1ln\u00edch s\u00edt\u00edch najdeme spoustu status\u016f o tom, jak my lid\u00e9 v posledn\u00edch letech v\u010del\u00e1m \u0161kod\u00edme. Podle odborn\u00edk\u016f nem\u00e1me mnoho \u010dasu na to, aby se n\u00e1m situaci poda\u0159ilo zvr\u00e1tit.<\/p>\n\n\n\n<p>V\u011bd\u011bli jste, \u017ee v\u010dela medonosn\u00e1 m\u00e1 v kolob\u011bhu p\u0159\u00edrodn\u00edho \u017eivota p\u0159\u00edmo kriticky d\u016fle\u017eit\u00e9 postaven\u00ed? Je nejd\u016fle\u017eit\u011bj\u0161\u00edm opylova\u010dem kulturn\u00edch, ale i plan\u011b rostouc\u00edch rostlin. Bez jej\u00ed opylov\u00e1n\u00ed by m\u011blo asi 20 tis\u00edc druh\u016f rostlin probl\u00e9m se rozmno\u017eit a d\u00e1le existovat. T\u00edm by se zm\u011bnily p\u0159\u00edrodn\u00ed podm\u00ednky natolik, \u017ee by mohla b\u00fdt v\u00e1\u017en\u011b ohro\u017eena i existence lidstva.<\/p>\n\n\n\n<figure class=\"wp-block-image\"><img loading=\"lazy\" width=\"1024\" height=\"683\" src=\"https:\/\/artside.cz\/wp-content\/uploads\/2019\/09\/67966140_2408240129253624_2782235786639048704_o-1024x683.jpg\" alt=\"\" class=\"wp-image-6397\" srcset=\"https:\/\/test.artside.sk\/wp-content\/uploads\/2019\/09\/67966140_2408240129253624_2782235786639048704_o-1024x683.jpg 1024w, https:\/\/test.artside.sk\/wp-content\/uploads\/2019\/09\/67966140_2408240129253624_2782235786639048704_o-150x100.jpg 150w, https:\/\/test.artside.sk\/wp-content\/uploads\/2019\/09\/67966140_2408240129253624_2782235786639048704_o-600x400.jpg 600w, https:\/\/test.artside.sk\/wp-content\/uploads\/2019\/09\/67966140_2408240129253624_2782235786639048704_o-300x200.jpg 300w, https:\/\/test.artside.sk\/wp-content\/uploads\/2019\/09\/67966140_2408240129253624_2782235786639048704_o-768x512.jpg 768w, https:\/\/test.artside.sk\/wp-content\/uploads\/2019\/09\/67966140_2408240129253624_2782235786639048704_o.jpg 2048w\" sizes=\"(max-width: 1024px) 100vw, 1024px\" \/><\/figure>\n\n\n\n<p>V\u010dely opyluj\u00ed a\u017e 86% rostlinn\u00fdch druh\u016f na Zemi. V Evrop\u011b to\r\np\u0159edstavuje p\u0159ibli\u017en\u011b 76% cel\u00e9 produkce potravin.<\/p>\n\n\n\n<p>Od roku 2013 klesla populace v\u010del v n\u011bkter\u00fdch \u010d\u00e1stech\r\nsv\u011bta a\u017e o jednu t\u0159etinu! Vinit za to m\u016f\u017eeme v\u00edce faktor\u016f &#8211; rozto\u010di\r\nz rodu Varroa, zm\u011bny klimatick\u00fdch podm\u00ednek, ale i rostouc\u00ed oblibu\r\nv dokonale zast\u0159i\u017een\u00fdch tr\u00e1vn\u00edk\u016f. V\u010del\u00e1m chyb\u00ed pestrost potravy. na\u0161e\r\npole jsou pln\u00e9 monokulturn\u00edch plodin, kter\u00e9 jsou chemicky o\u0161et\u0159ov\u00e1ny. insekticidy\r\njsou pro v\u010delky velmi nebezpe\u010dn\u00e9.<\/p>\n\n\n\n<p>Post\u0159iky, kter\u00e9 maj\u00ed tedy \u0161kodit \u0161k\u016fdc\u016fm \u00farody, \u0161kod\u00ed bohu\u017eel\r\ni v\u010del\u00e1m. Na Slovensku m\u00e1me v tomto roce z\u00e1plavu \u0159epky olejky. na jej\u00edm\r\nochranu pou\u017e\u00edvaj\u00ed zem\u011bd\u011blci tak\u00e9 chemick\u00e9 post\u0159iky, kter\u00e9 v\u0161ak likviduj\u00ed\r\nkrom\u011b \u0161k\u016fdc\u016f i v\u010dely.<\/p>\n\n\n\n<p>Podle v\u00fdzkumn\u00edk\u016f jsou populace v\u010del v Austr\u00e1lii odoln\u00e9\r\nv\u016f\u010di t\u011bmto zm\u011bn\u00e1m, ale v Evrop\u011b, Asii, Severn\u00ed Americe a dokonce i na Nov\u00e9m\r\nZ\u00e9landu je to bohu\u017eel \u00fapln\u011b jin\u00fd p\u0159\u00edb\u011bh.<\/p>\n\n\n\n<p>\u0158e\u0161en\u00ed mus\u00ed p\u0159ij\u00edt velmi rychle, nebo\u0165 n\u00e1m re\u00e1ln\u011b hroz\u00ed, \u017ee pokud budeme cht\u00edt ochutnat dom\u00e1c\u00ed meru\u0148ku, p\u0159edt\u00edm si opylen\u00ed jej\u00edch kv\u011bt\u016f budeme muset ud\u011blat samy. Tak jako v jihoz\u00e1padn\u00ed \u010c\u00edn\u011b, v provincii Sichuan, kde stromy opyluj\u00ed ru\u010dn\u011b lid\u00e9. V d\u016fsledku nadm\u011brn\u00e9ho pou\u017e\u00edv\u00e1n\u00ed agresivn\u00edch chemick\u00fdch post\u0159ik\u016f, ale tak\u00e9 kv\u016fli nedostatku \u00fato\u010di\u0161\u0165, kde by se v\u010dely mohly zdr\u017eovat a hn\u00edzdit, o celou populaci v\u010dielok p\u0159i\u0161li.<\/p>\n\n\n\n<p>P\u011bstitel\u00e9 ovoce v t\u00e9to \u010d\u00e1sti zem\u011b pou\u017e\u00edvaj\u00ed\r\njemn\u00e9 \u0161t\u011btce na dlouh\u00fdch pali\u010dk\u00e1ch, kter\u00fdmi rozn\u00e1\u0161ej\u00ed zakoupen pyl poch\u00e1zej\u00edc\u00ed\r\nz jin\u00fdch \u010d\u00e1st\u00ed \u010c\u00edny. Podle v\u00fdzkumn\u00edk\u016f v\u0161ak takov\u00e9 ru\u010dn\u00ed opylov\u00e1n\u00ed nen\u00ed\r\nani zdaleka takov\u00e9 efektivn\u011b jako kdy\u017e ho &#8222;pokr\u00fdvat&#8220; v\u010delky.<\/p>\n\n\n\n<p><strong>Pokud najdete ve va\u0161\u00ed dom\u00e1cnosti unavenou v\u010delu, jednoduch\u00e9 \u0159e\u0161en\u00ed jak ji znovu &#8222;postavit na nohy&#8220; je polo\u017eit p\u0159ed ni pol\u00e9vkovou l\u017e\u00edci s cukrem a vodou.<\/strong><\/p>\n\n\n\n<p>Pr\u00e1v\u011b my\u0161lenka z\u00e1chrany v\u010del n\u00e1s inspirovala k vytvo\u0159en\u00ed tri\u010dka s neobvykl\u00fdm designem v\u010dely, jej\u00edm\u017e autorem je talentovan\u00e1 slovensk\u00e1 mal\u00ed\u0159ka. Pokud pat\u0159\u00edte k t\u011bm, kte\u0159\u00ed r\u00e1di podpo\u0159\u00ed dobrou my\u0161lenku, po\u0159i\u010fte si tri\u010dko nebo mikinu s um\u011bleck\u00fdm motivem &#8222;Zachra\u0148me v\u010dely&#8220;!&nbsp;Z ka\u017ed\u00e9ho prodan\u00e9ho tri\u010dka poputuj\u00ed <strong>50 K\u010d na sb\u00edrku, jej\u00ed\u017e v\u00fdt\u011b\u017eek v\u011bnujeme projektu &#8222;M\u011bstsk\u00e9 v\u010dely&#8220;<\/strong>, kter\u00e1 se v\u011bnuje z\u00e1chran\u011b v\u010del a realizaci V\u010delnice v na\u0161ich m\u011bstech. Tak A\u0165 \u017eije kr\u00e1lovna!<\/p>\n\n\n\n<p>P\u00e1nsk\u00e9 triko \u201e<a href=\"https:\/\/artside.cz\/produkt\/panske-tricko-vceli-kralovna-native\/\">ZACHRA\u0147ME V\u010cELY<\/a>\u201e<\/p>\n\n\n\n<p>D\u00e1msk\u00e9 triko \u201e<a href=\"https:\/\/artside.cz\/produkt\/damske-tricko-vceli-kralovna-native\/\">ZACHRA\u0147ME V\u010cELY<\/a>\u201e<\/p>\n\n\n\n<figure class=\"wp-block-image\"><img loading=\"lazy\" width=\"1024\" height=\"683\" src=\"https:\/\/artside.cz\/wp-content\/uploads\/2019\/09\/67825096_2408240072586963_7385232600895324160_o-1024x683.jpg\" alt=\"\" class=\"wp-image-6391\" srcset=\"https:\/\/test.artside.sk\/wp-content\/uploads\/2019\/09\/67825096_2408240072586963_7385232600895324160_o-1024x683.jpg 1024w, https:\/\/test.artside.sk\/wp-content\/uploads\/2019\/09\/67825096_2408240072586963_7385232600895324160_o-150x100.jpg 150w, https:\/\/test.artside.sk\/wp-content\/uploads\/2019\/09\/67825096_2408240072586963_7385232600895324160_o-600x400.jpg 600w, https:\/\/test.artside.sk\/wp-content\/uploads\/2019\/09\/67825096_2408240072586963_7385232600895324160_o-300x200.jpg 300w, https:\/\/test.artside.sk\/wp-content\/uploads\/2019\/09\/67825096_2408240072586963_7385232600895324160_o-768x512.jpg 768w, https:\/\/test.artside.sk\/wp-content\/uploads\/2019\/09\/67825096_2408240072586963_7385232600895324160_o.jpg 2048w\" sizes=\"(max-width: 1024px) 100vw, 1024px\" \/><\/figure>\n\n\n\n<figure class=\"wp-block-image\"><img loading=\"lazy\" width=\"682\" height=\"1024\" src=\"https:\/\/artside.cz\/wp-content\/uploads\/2019\/09\/68510613_2408240089253628_4313831105896644608_o-682x1024.jpg\" alt=\"\" class=\"wp-image-6394\" srcset=\"https:\/\/test.artside.sk\/wp-content\/uploads\/2019\/09\/68510613_2408240089253628_4313831105896644608_o-682x1024.jpg 682w, https:\/\/test.artside.sk\/wp-content\/uploads\/2019\/09\/68510613_2408240089253628_4313831105896644608_o-150x225.jpg 150w, https:\/\/test.artside.sk\/wp-content\/uploads\/2019\/09\/68510613_2408240089253628_4313831105896644608_o-600x900.jpg 600w, https:\/\/test.artside.sk\/wp-content\/uploads\/2019\/09\/68510613_2408240089253628_4313831105896644608_o-200x300.jpg 200w, https:\/\/test.artside.sk\/wp-content\/uploads\/2019\/09\/68510613_2408240089253628_4313831105896644608_o-768x1152.jpg 768w, https:\/\/test.artside.sk\/wp-content\/uploads\/2019\/09\/68510613_2408240089253628_4313831105896644608_o.jpg 1161w\" sizes=\"(max-width: 682px) 100vw, 682px\" \/><\/figure>\n\n\n\n<p>Zdroj obr\u00e1zkov: organiz\u00e1cia &#8222;\u017divica&#8220; projekt &#8222;Mestsk\u00e9 v\u010dely&#8220;<\/p>\n","protected":false},"excerpt":{"rendered":"<p>\u25ba p\u00e1nske tri\u010dko \u25ba d\u00e1mske tri\u010dko &#8222;P\u011bt let po smrti posledn\u00ed v\u010dely zahyne i na\u0161e planeta&#8220;. Asi zn\u00e1te tuto zn\u00e1mou v\u011btu Alberta Einsteina. Na soci\u00e1ln\u00edch s\u00edt\u00edch najdeme spoustu status\u016f o tom, jak my lid\u00e9 v posledn\u00edch letech v\u010del\u00e1m \u0161kod\u00edme. Podle odborn\u00edk\u016f nem\u00e1me mnoho \u010dasu na to, aby se n\u00e1m situaci poda\u0159ilo zvr\u00e1tit. V\u011bd\u011bli jste, \u017ee [&hellip;]<\/p>\n","protected":false},"author":1,"featured_media":20377,"comment_status":"open","ping_status":"open","sticky":false,"template":"","format":"standard","meta":[],"categories":[75],"tags":[],"jetpack_featured_media_url":"https:\/\/test.artside.sk\/wp-content\/uploads\/2019\/07\/zachranme-vcely-clanok-kralovna.jpg","_links":{"self":[{"href":"https:\/\/test.artside.sk\/cs\/wp-json\/wp\/v2\/posts\/3228"}],"collection":[{"href":"https:\/\/test.artside.sk\/cs\/wp-json\/wp\/v2\/posts"}],"about":[{"href":"https:\/\/test.artside.sk\/cs\/wp-json\/wp\/v2\/types\/post"}],"author":[{"embeddable":true,"href":"https:\/\/test.artside.sk\/cs\/wp-json\/wp\/v2\/users\/1"}],"replies":[{"embeddable":true,"href":"https:\/\/test.artside.sk\/cs\/wp-json\/wp\/v2\/comments?post=3228"}],"version-history":[{"count":0,"href":"https:\/\/test.artside.sk\/cs\/wp-json\/wp\/v2\/posts\/3228\/revisions"}],"wp:featuredmedia":[{"embeddable":true,"href":"https:\/\/test.artside.sk\/cs\/wp-json\/wp\/v2\/media\/20377"}],"wp:attachment":[{"href":"https:\/\/test.artside.sk\/cs\/wp-json\/wp\/v2\/media?parent=3228"}],"wp:term":[{"taxonomy":"category","embeddable":true,"href":"https:\/\/test.artside.sk\/cs\/wp-json\/wp\/v2\/categories?post=3228"},{"taxonomy":"post_tag","embeddable":true,"href":"https:\/\/test.artside.sk\/cs\/wp-json\/wp\/v2\/tags?post=3228"}],"curies":[{"name":"wp","href":"https:\/\/api.w.org\/{rel}","templated":true}]}}